{"id":991,"date":"2017-04-05T17:10:09","date_gmt":"2017-04-05T17:10:09","guid":{"rendered":"http:\/\/guiasdetoledo.es\/?p=991\/"},"modified":"2017-04-05T17:10:09","modified_gmt":"2017-04-05T17:10:09","slug":"albacete-citta","status":"publish","type":"post","link":"https:\/\/guiascastillalamancha.com\/it\/albacete-citta\/","title":{"rendered":"Albacete Citt\u00e0"},"content":{"rendered":"<p>Albacete \u00e8 una citt\u00e0 il cui ruolo autonomo ebbe inizio negli episodi finali del Medioevo, con la politica di ripopolamento del Marchesato di Villena. Ha conosciuto una crescita significativa nel XVI secolo e ha finito per essere elevata ad una delle principali citt\u00e0 della parte orientale della &#8230;<\/p>\n<p>Miguel Panadero Moya. UCLM<\/p>\n","protected":false},"excerpt":{"rendered":"<p>Albacete \u00e8 una citt\u00e0 il cui ruolo autonomo ebbe inizio negli episodi finali del Medioevo, con la politica di ripopolamento del Marchesato di Villena. Ha conosciuto una crescita significativa nel XVI secolo e ha finito per essere elevata ad una delle principali citt\u00e0 della parte&#8230;<\/p>\n","protected":false},"author":1,"featured_media":993,"comment_status":"closed","ping_status":"open","sticky":false,"template":"","format":"standard","meta":{"footnotes":""},"categories":[66],"tags":[],"class_list":["post-991","post","type-post","status-publish","format-standard","has-post-thumbnail","hentry","category-albacete-it"],"yoast_head":"<!-- This site is optimized with the Yoast SEO plugin v27.3 - https:\/\/yoast.com\/product\/yoast-seo-wordpress\/ -->\n<title>Albacete Citt\u00e0 - Gu\u00edas de Castilla la Mancha<\/title>\n<meta name=\"robots\" content=\"index, follow, max-snippet:-1, max-image-preview:large, max-video-preview:-1\" \/>\n<link rel=\"canonical\" href=\"https:\/\/guiascastillalamancha.com\/es\/412-2\/\" \/>\n<meta property=\"og:locale\" content=\"it_IT\" \/>\n<meta property=\"og:type\" content=\"article\" \/>\n<meta property=\"og:title\" content=\"Albacete Citt\u00e0 - Gu\u00edas de Castilla la Mancha\" \/>\n<meta property=\"og:description\" content=\"Albacete \u00e8 una citt\u00e0 il cui ruolo autonomo ebbe inizio negli episodi finali del Medioevo, con la politica di ripopolamento del Marchesato di Villena. Ha conosciuto una crescita significativa nel XVI secolo e ha finito per essere elevata ad una delle principali citt\u00e0 della parte...\" \/>\n<meta property=\"og:url\" content=\"https:\/\/guiascastillalamancha.com\/es\/412-2\/\" \/>\n<meta property=\"og:site_name\" content=\"Gu\u00edas de Castilla la Mancha\" \/>\n<meta property=\"article:published_time\" content=\"2017-04-05T17:10:09+00:00\" \/>\n<meta property=\"og:image\" content=\"https:\/\/guiascastillalamancha.com\/wp-content\/uploads\/2016\/11\/albacete-ciudad-entrada.jpg\" \/>\n\t<meta property=\"og:image:width\" content=\"900\" \/>\n\t<meta property=\"og:image:height\" content=\"673\" \/>\n\t<meta property=\"og:image:type\" content=\"image\/jpeg\" \/>\n<meta name=\"twitter:card\" content=\"summary_large_image\" \/>\n<meta name=\"twitter:label1\" content=\"Scritto da\" \/>\n\t<meta name=\"twitter:data1\" content=\"\" \/>\n<script type=\"application\/ld+json\" class=\"yoast-schema-graph\">{\"@context\":\"https:\\\/\\\/schema.org\",\"@graph\":[{\"@type\":\"Article\",\"@id\":\"https:\\\/\\\/guiascastillalamancha.com\\\/es\\\/412-2\\\/#article\",\"isPartOf\":{\"@id\":\"https:\\\/\\\/guiascastillalamancha.com\\\/es\\\/412-2\\\/\"},\"author\":{\"name\":\"\",\"@id\":\"\"},\"headline\":\"Albacete Citt\u00e0\",\"datePublished\":\"2017-04-05T17:10:09+00:00\",\"mainEntityOfPage\":{\"@id\":\"https:\\\/\\\/guiascastillalamancha.com\\\/es\\\/412-2\\\/\"},\"wordCount\":52,\"image\":{\"@id\":\"https:\\\/\\\/guiascastillalamancha.com\\\/es\\\/412-2\\\/#primaryimage\"},\"thumbnailUrl\":\"https:\\\/\\\/guiascastillalamancha.com\\\/wp-content\\\/uploads\\\/2016\\\/11\\\/albacete-ciudad-entrada.jpg\",\"articleSection\":[\"Albacete\"],\"inLanguage\":\"it-IT\"},{\"@type\":\"WebPage\",\"@id\":\"https:\\\/\\\/guiascastillalamancha.com\\\/es\\\/412-2\\\/\",\"url\":\"https:\\\/\\\/guiascastillalamancha.com\\\/es\\\/412-2\\\/\",\"name\":\"Albacete Citt\u00e0 - Gu\u00edas de Castilla la Mancha\",\"isPartOf\":{\"@id\":\"https:\\\/\\\/guiascastillalamancha.com\\\/es\\\/#website\"},\"primaryImageOfPage\":{\"@id\":\"https:\\\/\\\/guiascastillalamancha.com\\\/es\\\/412-2\\\/#primaryimage\"},\"image\":{\"@id\":\"https:\\\/\\\/guiascastillalamancha.com\\\/es\\\/412-2\\\/#primaryimage\"},\"thumbnailUrl\":\"https:\\\/\\\/guiascastillalamancha.com\\\/wp-content\\\/uploads\\\/2016\\\/11\\\/albacete-ciudad-entrada.jpg\",\"datePublished\":\"2017-04-05T17:10:09+00:00\",\"author\":{\"@id\":\"\"},\"breadcrumb\":{\"@id\":\"https:\\\/\\\/guiascastillalamancha.com\\\/es\\\/412-2\\\/#breadcrumb\"},\"inLanguage\":\"it-IT\",\"potentialAction\":[{\"@type\":\"ReadAction\",\"target\":[\"https:\\\/\\\/guiascastillalamancha.com\\\/es\\\/412-2\\\/\"]}]},{\"@type\":\"ImageObject\",\"inLanguage\":\"it-IT\",\"@id\":\"https:\\\/\\\/guiascastillalamancha.com\\\/es\\\/412-2\\\/#primaryimage\",\"url\":\"https:\\\/\\\/guiascastillalamancha.com\\\/wp-content\\\/uploads\\\/2016\\\/11\\\/albacete-ciudad-entrada.jpg\",\"contentUrl\":\"https:\\\/\\\/guiascastillalamancha.com\\\/wp-content\\\/uploads\\\/2016\\\/11\\\/albacete-ciudad-entrada.jpg\",\"width\":900,\"height\":673,\"caption\":\"OLYMPUS DIGITAL CAMERA\"},{\"@type\":\"BreadcrumbList\",\"@id\":\"https:\\\/\\\/guiascastillalamancha.com\\\/es\\\/412-2\\\/#breadcrumb\",\"itemListElement\":[{\"@type\":\"ListItem\",\"position\":1,\"name\":\"Portada\",\"item\":\"https:\\\/\\\/guiascastillalamancha.com\\\/it\\\/\"},{\"@type\":\"ListItem\",\"position\":2,\"name\":\"Albacete Citt\u00e0\"}]},{\"@type\":\"WebSite\",\"@id\":\"https:\\\/\\\/guiascastillalamancha.com\\\/es\\\/#website\",\"url\":\"https:\\\/\\\/guiascastillalamancha.com\\\/es\\\/\",\"name\":\"Gu\u00edas de Castilla la Mancha\",\"description\":\"Gu\u00edas Tur\u00edsticos para Toledo, Albacete, Ciudad Real, Cuenca y Guadalajara\",\"potentialAction\":[{\"@type\":\"SearchAction\",\"target\":{\"@type\":\"EntryPoint\",\"urlTemplate\":\"https:\\\/\\\/guiascastillalamancha.com\\\/es\\\/?s={search_term_string}\"},\"query-input\":{\"@type\":\"PropertyValueSpecification\",\"valueRequired\":true,\"valueName\":\"search_term_string\"}}],\"inLanguage\":\"it-IT\"},{\"@type\":\"Person\",\"@id\":\"\",\"url\":\"https:\\\/\\\/guiascastillalamancha.com\\\/it\\\/author\\\/\"}]}<\/script>\n<!-- \/ Yoast SEO plugin. -->","yoast_head_json":{"title":"Albacete Citt\u00e0 - Gu\u00edas de Castilla la Mancha","robots":{"index":"index","follow":"follow","max-snippet":"max-snippet:-1","max-image-preview":"max-image-preview:large","max-video-preview":"max-video-preview:-1"},"canonical":"https:\/\/guiascastillalamancha.com\/es\/412-2\/","og_locale":"it_IT","og_type":"article","og_title":"Albacete Citt\u00e0 - Gu\u00edas de Castilla la Mancha","og_description":"Albacete \u00e8 una citt\u00e0 il cui ruolo autonomo ebbe inizio negli episodi finali del Medioevo, con la politica di ripopolamento del Marchesato di Villena. Ha conosciuto una crescita significativa nel XVI secolo e ha finito per essere elevata ad una delle principali citt\u00e0 della parte...","og_url":"https:\/\/guiascastillalamancha.com\/es\/412-2\/","og_site_name":"Gu\u00edas de Castilla la Mancha","article_published_time":"2017-04-05T17:10:09+00:00","og_image":[{"width":900,"height":673,"url":"https:\/\/guiascastillalamancha.com\/wp-content\/uploads\/2016\/11\/albacete-ciudad-entrada.jpg","type":"image\/jpeg"}],"twitter_card":"summary_large_image","twitter_misc":{"Scritto da":""},"schema":{"@context":"https:\/\/schema.org","@graph":[{"@type":"Article","@id":"https:\/\/guiascastillalamancha.com\/es\/412-2\/#article","isPartOf":{"@id":"https:\/\/guiascastillalamancha.com\/es\/412-2\/"},"author":{"name":"","@id":""},"headline":"Albacete Citt\u00e0","datePublished":"2017-04-05T17:10:09+00:00","mainEntityOfPage":{"@id":"https:\/\/guiascastillalamancha.com\/es\/412-2\/"},"wordCount":52,"image":{"@id":"https:\/\/guiascastillalamancha.com\/es\/412-2\/#primaryimage"},"thumbnailUrl":"https:\/\/guiascastillalamancha.com\/wp-content\/uploads\/2016\/11\/albacete-ciudad-entrada.jpg","articleSection":["Albacete"],"inLanguage":"it-IT"},{"@type":"WebPage","@id":"https:\/\/guiascastillalamancha.com\/es\/412-2\/","url":"https:\/\/guiascastillalamancha.com\/es\/412-2\/","name":"Albacete Citt\u00e0 - Gu\u00edas de Castilla la Mancha","isPartOf":{"@id":"https:\/\/guiascastillalamancha.com\/es\/#website"},"primaryImageOfPage":{"@id":"https:\/\/guiascastillalamancha.com\/es\/412-2\/#primaryimage"},"image":{"@id":"https:\/\/guiascastillalamancha.com\/es\/412-2\/#primaryimage"},"thumbnailUrl":"https:\/\/guiascastillalamancha.com\/wp-content\/uploads\/2016\/11\/albacete-ciudad-entrada.jpg","datePublished":"2017-04-05T17:10:09+00:00","author":{"@id":""},"breadcrumb":{"@id":"https:\/\/guiascastillalamancha.com\/es\/412-2\/#breadcrumb"},"inLanguage":"it-IT","potentialAction":[{"@type":"ReadAction","target":["https:\/\/guiascastillalamancha.com\/es\/412-2\/"]}]},{"@type":"ImageObject","inLanguage":"it-IT","@id":"https:\/\/guiascastillalamancha.com\/es\/412-2\/#primaryimage","url":"https:\/\/guiascastillalamancha.com\/wp-content\/uploads\/2016\/11\/albacete-ciudad-entrada.jpg","contentUrl":"https:\/\/guiascastillalamancha.com\/wp-content\/uploads\/2016\/11\/albacete-ciudad-entrada.jpg","width":900,"height":673,"caption":"OLYMPUS DIGITAL CAMERA"},{"@type":"BreadcrumbList","@id":"https:\/\/guiascastillalamancha.com\/es\/412-2\/#breadcrumb","itemListElement":[{"@type":"ListItem","position":1,"name":"Portada","item":"https:\/\/guiascastillalamancha.com\/it\/"},{"@type":"ListItem","position":2,"name":"Albacete Citt\u00e0"}]},{"@type":"WebSite","@id":"https:\/\/guiascastillalamancha.com\/es\/#website","url":"https:\/\/guiascastillalamancha.com\/es\/","name":"Gu\u00edas de Castilla la Mancha","description":"Gu\u00edas Tur\u00edsticos para Toledo, Albacete, Ciudad Real, Cuenca y Guadalajara","potentialAction":[{"@type":"SearchAction","target":{"@type":"EntryPoint","urlTemplate":"https:\/\/guiascastillalamancha.com\/es\/?s={search_term_string}"},"query-input":{"@type":"PropertyValueSpecification","valueRequired":true,"valueName":"search_term_string"}}],"inLanguage":"it-IT"},{"@type":"Person","@id":"","url":"https:\/\/guiascastillalamancha.com\/it\/author\/"}]}},"_links":{"self":[{"href":"https:\/\/guiascastillalamancha.com\/it\/wp-json\/wp\/v2\/posts\/991","targetHints":{"allow":["GET"]}}],"collection":[{"href":"https:\/\/guiascastillalamancha.com\/it\/wp-json\/wp\/v2\/posts"}],"about":[{"href":"https:\/\/guiascastillalamancha.com\/it\/wp-json\/wp\/v2\/types\/post"}],"author":[{"embeddable":true,"href":"https:\/\/guiascastillalamancha.com\/it\/wp-json\/wp\/v2\/users\/1"}],"replies":[{"embeddable":true,"href":"https:\/\/guiascastillalamancha.com\/it\/wp-json\/wp\/v2\/comments?post=991"}],"version-history":[{"count":0,"href":"https:\/\/guiascastillalamancha.com\/it\/wp-json\/wp\/v2\/posts\/991\/revisions"}],"wp:featuredmedia":[{"embeddable":true,"href":"https:\/\/guiascastillalamancha.com\/it\/wp-json\/wp\/v2\/media\/993"}],"wp:attachment":[{"href":"https:\/\/guiascastillalamancha.com\/it\/wp-json\/wp\/v2\/media?parent=991"}],"wp:term":[{"taxonomy":"category","embeddable":true,"href":"https:\/\/guiascastillalamancha.com\/it\/wp-json\/wp\/v2\/categories?post=991"},{"taxonomy":"post_tag","embeddable":true,"href":"https:\/\/guiascastillalamancha.com\/it\/wp-json\/wp\/v2\/tags?post=991"}],"curies":[{"name":"wp","href":"https:\/\/api.w.org\/{rel}","templated":true}]}}