{"id":840,"date":"2017-03-28T12:38:26","date_gmt":"2017-03-28T12:38:26","guid":{"rendered":"http:\/\/guiasdetoledo.es\/?p=840\/"},"modified":"2017-03-28T12:38:26","modified_gmt":"2017-03-28T12:38:26","slug":"ville-de-albacete","status":"publish","type":"post","link":"https:\/\/guiascastillalamancha.com\/fr\/ville-de-albacete\/","title":{"rendered":"VILLE DE ALBACETE"},"content":{"rendered":"<p>Albacete connut son apog\u00e9e \u00e0 la fin du Moyen-\u00c2ge, gr\u00e2ce \u00e0 la politique de repeuplement du marquisat de Villena. Au XVIe si\u00e8cle elle connut une croissance exceptionnelle et devint l\u2019une des principales agglom\u00e9rations de l\u2019extr\u00e9mit\u00e9 orientale de la plaine de la Manche de l\u2019\u00e9poque moderne. En 1833, elle s\u2019\u00e9rigea en capitale provinciale.<br \/>\nAu d\u00e9but du XXe si\u00e8cle, la ville connut une p\u00e9riode prodigieuse. L\u2019impulsion \u00e9conomique favorisa d\u2019importantes r\u00e9formes urbanistiques avec la construction de nombreux \u00e9difices, se transformant ainsi en une jolie ville moderne aux rues amples, dans un ensemble tr\u00e8s soign\u00e9.<br \/>\nActuellement, Albacete aspire \u00e0 consolider sa position au sein du r\u00e9seau urbain r\u00e9gional et \u00e0 am\u00e9liorer sa fonction en tant que centre de service public. L\u2019emplacement du Tribunal Sup\u00e9rieur de Justice de Castille-la Manche et du Campus Universitaire destin\u00e9 \u00e0 l\u2019\u00e9tude des sciences de la sant\u00e9, enseignement technique, humanit\u00e9s et sciences sociales, en sont le vif exemple. Dot\u00e9 d\u2019un splendide \u00e9quipement commercial et culturel, la ville r\u00e9clame les b\u00e9n\u00e9fices de sa situation g\u00e9ographique. Sa place au sein du syst\u00e8me national de communication, en tant que carrefour naturel et humain, lui permet d\u2019aller \u00e0 la rencontre de voyageurs cosmopolites et de leur proposer de multiples occupations, un choix gastronomique et des h\u00e9bergements de qualit\u00e9. Afin de conna\u00eetre Albacete, rien de mieux que de loger dans l\u2019un de ses innombrables h\u00f4tels et de passer une journ\u00e9e pour appr\u00e9cier sa gastronomie et parcourir la ville.<br \/>\nNous vous recommandons de fl\u00e2ner dans le quartier des Carretas, d\u2019abord emplacement musulman qui donna son nom \u00e0 la ville m\u00e9di\u00e9vale, d\u2019entrer dans ses restaurants et typiques lieux de confluence. Descendre ensuite la Calle Mayor, toujours tr\u00e8s anim\u00e9e, jusqu\u2019\u00e0 la Posada del Rosario, dont l\u2019acc\u00e8s se fait par la porte restaur\u00e9e de la Casa de los Picos, puis monter vers la magnifique place de Villacerrada dont l\u2019uniformit\u00e9 postmoderne transforma l\u2019imposant hameau de son centre historique dont les traces demeurent visibles dans la Casa de Perona, le centre culturel de La Asunci\u00f3n et au sein de la cath\u00e9drale, \u00e0 l\u2019int\u00e9rieur pour le moins surprenant.<br \/>\nDe l\u00e0, continuer jusqu\u2019au carrefour que pr\u00e9side la statue du Sembrador* et fl\u00e2ner le long du principal et \u00e9l\u00e9gant axe nord-sud de la ville pour contempler les magnifiques \u00e9difices du Albacete contemporain, ceux du Conseil G\u00e9n\u00e9ral de la Province, du Mus\u00e9e Municipal, du Grand H\u00f4tel, du Coll\u00e8ge Notarial, des Casas de Cabot, de Legorburo, du Pasaje de Lodares, de la Chambre de Commerce\u2026 tout au long de cette promenade, vous d\u00e9couvrirez les vitrines des magasins et leurs diverses et attrayantes propositions o\u00f9 les produits traditionnels dominent. Il est recommand\u00e9 de faire un arr\u00eat dans les caf\u00e9t\u00e9rias, auberges et caf\u00e9s, pour reprendre des forces. Une fois pass\u00e9 le jardin ombreux qui donne sur la \u00ab\u00a0calle Ancha\u00a0\u00bb, sans cesse anim\u00e9e, il est bon de poser son regard sur les pi\u00e8ces du magnifique Mus\u00e9e de Albacete, \u00e0 demi cach\u00e9 dans sa pin\u00e8de, avant de diriger nos pas vers la zone universitaire. Le P\u00f3rtico de La Mancha vous invitera \u00e0 un parcours initiatique \u00e0 travers les divers recoins de cette province et vous fera d\u00e9couvrir tous ses attraits.<\/p>\n<p>Miguel Panadero Moya. UCLM<\/p>\n","protected":false},"excerpt":{"rendered":"<p>Albacete connut son apog\u00e9e \u00e0 la fin du Moyen-\u00c2ge, gr\u00e2ce \u00e0 la politique de repeuplement du marquisat de Villena. Au XVIe si\u00e8cle elle connut une croissance exceptionnelle et devint l\u2019une des principales agglom\u00e9rations de l\u2019extr\u00e9mit\u00e9 orientale de la plaine de la Manche de l\u2019\u00e9poque moderne&#8230;.<\/p>\n","protected":false},"author":1,"featured_media":756,"comment_status":"closed","ping_status":"open","sticky":false,"template":"","format":"standard","meta":{"footnotes":""},"categories":[43],"tags":[30,51],"class_list":["post-840","post","type-post","status-publish","format-standard","has-post-thumbnail","hentry","category-albacete-fr","tag-albacete","tag-ville"],"yoast_head":"<!-- This site is optimized with the Yoast SEO plugin v27.3 - https:\/\/yoast.com\/product\/yoast-seo-wordpress\/ -->\n<title>VILLE DE ALBACETE - Gu\u00edas de Castilla la Mancha<\/title>\n<meta name=\"robots\" content=\"index, follow, max-snippet:-1, max-image-preview:large, max-video-preview:-1\" \/>\n<link rel=\"canonical\" href=\"https:\/\/guiascastillalamancha.com\/es\/412-2\/\" \/>\n<meta property=\"og:locale\" content=\"fr_FR\" \/>\n<meta property=\"og:type\" content=\"article\" \/>\n<meta property=\"og:title\" content=\"VILLE DE ALBACETE - Gu\u00edas de Castilla la Mancha\" \/>\n<meta property=\"og:description\" content=\"Albacete connut son apog\u00e9e \u00e0 la fin du Moyen-\u00c2ge, gr\u00e2ce \u00e0 la politique de repeuplement du marquisat de Villena. Au XVIe si\u00e8cle elle connut une croissance exceptionnelle et devint l\u2019une des principales agglom\u00e9rations de l\u2019extr\u00e9mit\u00e9 orientale de la plaine de la Manche de l\u2019\u00e9poque moderne....\" \/>\n<meta property=\"og:url\" content=\"https:\/\/guiascastillalamancha.com\/es\/412-2\/\" \/>\n<meta property=\"og:site_name\" content=\"Gu\u00edas de Castilla la Mancha\" \/>\n<meta property=\"article:published_time\" content=\"2017-03-28T12:38:26+00:00\" \/>\n<meta property=\"og:image\" content=\"https:\/\/guiascastillalamancha.com\/wp-content\/uploads\/2016\/11\/albacete-ciudad-entrada.jpg\" \/>\n\t<meta property=\"og:image:width\" content=\"900\" \/>\n\t<meta property=\"og:image:height\" content=\"673\" \/>\n\t<meta property=\"og:image:type\" content=\"image\/jpeg\" \/>\n<meta name=\"twitter:card\" content=\"summary_large_image\" \/>\n<meta name=\"twitter:label1\" content=\"\u00c9crit par\" \/>\n\t<meta name=\"twitter:data1\" content=\"\" \/>\n\t<meta name=\"twitter:label2\" content=\"Dur\u00e9e de lecture estim\u00e9e\" \/>\n\t<meta name=\"twitter:data2\" content=\"3 minutes\" \/>\n<script type=\"application\/ld+json\" class=\"yoast-schema-graph\">{\"@context\":\"https:\\\/\\\/schema.org\",\"@graph\":[{\"@type\":\"Article\",\"@id\":\"https:\\\/\\\/guiascastillalamancha.com\\\/es\\\/412-2\\\/#article\",\"isPartOf\":{\"@id\":\"https:\\\/\\\/guiascastillalamancha.com\\\/es\\\/412-2\\\/\"},\"author\":{\"name\":\"\",\"@id\":\"\"},\"headline\":\"VILLE DE ALBACETE\",\"datePublished\":\"2017-03-28T12:38:26+00:00\",\"mainEntityOfPage\":{\"@id\":\"https:\\\/\\\/guiascastillalamancha.com\\\/es\\\/412-2\\\/\"},\"wordCount\":578,\"image\":{\"@id\":\"https:\\\/\\\/guiascastillalamancha.com\\\/es\\\/412-2\\\/#primaryimage\"},\"thumbnailUrl\":\"https:\\\/\\\/guiascastillalamancha.com\\\/wp-content\\\/uploads\\\/2016\\\/11\\\/albacete-ciudad-entrada.jpg\",\"keywords\":[\"albacete\",\"ville\"],\"articleSection\":[\"Albacete\"],\"inLanguage\":\"fr-FR\"},{\"@type\":\"WebPage\",\"@id\":\"https:\\\/\\\/guiascastillalamancha.com\\\/es\\\/412-2\\\/\",\"url\":\"https:\\\/\\\/guiascastillalamancha.com\\\/es\\\/412-2\\\/\",\"name\":\"VILLE DE ALBACETE - Gu\u00edas de Castilla la Mancha\",\"isPartOf\":{\"@id\":\"https:\\\/\\\/guiascastillalamancha.com\\\/es\\\/#website\"},\"primaryImageOfPage\":{\"@id\":\"https:\\\/\\\/guiascastillalamancha.com\\\/es\\\/412-2\\\/#primaryimage\"},\"image\":{\"@id\":\"https:\\\/\\\/guiascastillalamancha.com\\\/es\\\/412-2\\\/#primaryimage\"},\"thumbnailUrl\":\"https:\\\/\\\/guiascastillalamancha.com\\\/wp-content\\\/uploads\\\/2016\\\/11\\\/albacete-ciudad-entrada.jpg\",\"datePublished\":\"2017-03-28T12:38:26+00:00\",\"author\":{\"@id\":\"\"},\"breadcrumb\":{\"@id\":\"https:\\\/\\\/guiascastillalamancha.com\\\/es\\\/412-2\\\/#breadcrumb\"},\"inLanguage\":\"fr-FR\",\"potentialAction\":[{\"@type\":\"ReadAction\",\"target\":[\"https:\\\/\\\/guiascastillalamancha.com\\\/es\\\/412-2\\\/\"]}]},{\"@type\":\"ImageObject\",\"inLanguage\":\"fr-FR\",\"@id\":\"https:\\\/\\\/guiascastillalamancha.com\\\/es\\\/412-2\\\/#primaryimage\",\"url\":\"https:\\\/\\\/guiascastillalamancha.com\\\/wp-content\\\/uploads\\\/2016\\\/11\\\/albacete-ciudad-entrada.jpg\",\"contentUrl\":\"https:\\\/\\\/guiascastillalamancha.com\\\/wp-content\\\/uploads\\\/2016\\\/11\\\/albacete-ciudad-entrada.jpg\",\"width\":900,\"height\":673,\"caption\":\"OLYMPUS DIGITAL CAMERA\"},{\"@type\":\"BreadcrumbList\",\"@id\":\"https:\\\/\\\/guiascastillalamancha.com\\\/es\\\/412-2\\\/#breadcrumb\",\"itemListElement\":[{\"@type\":\"ListItem\",\"position\":1,\"name\":\"Portada\",\"item\":\"https:\\\/\\\/guiascastillalamancha.com\\\/fr\\\/\"},{\"@type\":\"ListItem\",\"position\":2,\"name\":\"VILLE DE ALBACETE\"}]},{\"@type\":\"WebSite\",\"@id\":\"https:\\\/\\\/guiascastillalamancha.com\\\/es\\\/#website\",\"url\":\"https:\\\/\\\/guiascastillalamancha.com\\\/es\\\/\",\"name\":\"Gu\u00edas de Castilla la Mancha\",\"description\":\"Gu\u00edas Tur\u00edsticos para Toledo, Albacete, Ciudad Real, Cuenca y Guadalajara\",\"potentialAction\":[{\"@type\":\"SearchAction\",\"target\":{\"@type\":\"EntryPoint\",\"urlTemplate\":\"https:\\\/\\\/guiascastillalamancha.com\\\/es\\\/?s={search_term_string}\"},\"query-input\":{\"@type\":\"PropertyValueSpecification\",\"valueRequired\":true,\"valueName\":\"search_term_string\"}}],\"inLanguage\":\"fr-FR\"},{\"@type\":\"Person\",\"@id\":\"\",\"url\":\"https:\\\/\\\/guiascastillalamancha.com\\\/fr\\\/author\\\/\"}]}<\/script>\n<!-- \/ Yoast SEO plugin. -->","yoast_head_json":{"title":"VILLE DE ALBACETE - Gu\u00edas de Castilla la Mancha","robots":{"index":"index","follow":"follow","max-snippet":"max-snippet:-1","max-image-preview":"max-image-preview:large","max-video-preview":"max-video-preview:-1"},"canonical":"https:\/\/guiascastillalamancha.com\/es\/412-2\/","og_locale":"fr_FR","og_type":"article","og_title":"VILLE DE ALBACETE - Gu\u00edas de Castilla la Mancha","og_description":"Albacete connut son apog\u00e9e \u00e0 la fin du Moyen-\u00c2ge, gr\u00e2ce \u00e0 la politique de repeuplement du marquisat de Villena. Au XVIe si\u00e8cle elle connut une croissance exceptionnelle et devint l\u2019une des principales agglom\u00e9rations de l\u2019extr\u00e9mit\u00e9 orientale de la plaine de la Manche de l\u2019\u00e9poque moderne....","og_url":"https:\/\/guiascastillalamancha.com\/es\/412-2\/","og_site_name":"Gu\u00edas de Castilla la Mancha","article_published_time":"2017-03-28T12:38:26+00:00","og_image":[{"width":900,"height":673,"url":"https:\/\/guiascastillalamancha.com\/wp-content\/uploads\/2016\/11\/albacete-ciudad-entrada.jpg","type":"image\/jpeg"}],"twitter_card":"summary_large_image","twitter_misc":{"\u00c9crit par":"","Dur\u00e9e de lecture estim\u00e9e":"3 minutes"},"schema":{"@context":"https:\/\/schema.org","@graph":[{"@type":"Article","@id":"https:\/\/guiascastillalamancha.com\/es\/412-2\/#article","isPartOf":{"@id":"https:\/\/guiascastillalamancha.com\/es\/412-2\/"},"author":{"name":"","@id":""},"headline":"VILLE DE ALBACETE","datePublished":"2017-03-28T12:38:26+00:00","mainEntityOfPage":{"@id":"https:\/\/guiascastillalamancha.com\/es\/412-2\/"},"wordCount":578,"image":{"@id":"https:\/\/guiascastillalamancha.com\/es\/412-2\/#primaryimage"},"thumbnailUrl":"https:\/\/guiascastillalamancha.com\/wp-content\/uploads\/2016\/11\/albacete-ciudad-entrada.jpg","keywords":["albacete","ville"],"articleSection":["Albacete"],"inLanguage":"fr-FR"},{"@type":"WebPage","@id":"https:\/\/guiascastillalamancha.com\/es\/412-2\/","url":"https:\/\/guiascastillalamancha.com\/es\/412-2\/","name":"VILLE DE ALBACETE - Gu\u00edas de Castilla la Mancha","isPartOf":{"@id":"https:\/\/guiascastillalamancha.com\/es\/#website"},"primaryImageOfPage":{"@id":"https:\/\/guiascastillalamancha.com\/es\/412-2\/#primaryimage"},"image":{"@id":"https:\/\/guiascastillalamancha.com\/es\/412-2\/#primaryimage"},"thumbnailUrl":"https:\/\/guiascastillalamancha.com\/wp-content\/uploads\/2016\/11\/albacete-ciudad-entrada.jpg","datePublished":"2017-03-28T12:38:26+00:00","author":{"@id":""},"breadcrumb":{"@id":"https:\/\/guiascastillalamancha.com\/es\/412-2\/#breadcrumb"},"inLanguage":"fr-FR","potentialAction":[{"@type":"ReadAction","target":["https:\/\/guiascastillalamancha.com\/es\/412-2\/"]}]},{"@type":"ImageObject","inLanguage":"fr-FR","@id":"https:\/\/guiascastillalamancha.com\/es\/412-2\/#primaryimage","url":"https:\/\/guiascastillalamancha.com\/wp-content\/uploads\/2016\/11\/albacete-ciudad-entrada.jpg","contentUrl":"https:\/\/guiascastillalamancha.com\/wp-content\/uploads\/2016\/11\/albacete-ciudad-entrada.jpg","width":900,"height":673,"caption":"OLYMPUS DIGITAL CAMERA"},{"@type":"BreadcrumbList","@id":"https:\/\/guiascastillalamancha.com\/es\/412-2\/#breadcrumb","itemListElement":[{"@type":"ListItem","position":1,"name":"Portada","item":"https:\/\/guiascastillalamancha.com\/fr\/"},{"@type":"ListItem","position":2,"name":"VILLE DE ALBACETE"}]},{"@type":"WebSite","@id":"https:\/\/guiascastillalamancha.com\/es\/#website","url":"https:\/\/guiascastillalamancha.com\/es\/","name":"Gu\u00edas de Castilla la Mancha","description":"Gu\u00edas Tur\u00edsticos para Toledo, Albacete, Ciudad Real, Cuenca y Guadalajara","potentialAction":[{"@type":"SearchAction","target":{"@type":"EntryPoint","urlTemplate":"https:\/\/guiascastillalamancha.com\/es\/?s={search_term_string}"},"query-input":{"@type":"PropertyValueSpecification","valueRequired":true,"valueName":"search_term_string"}}],"inLanguage":"fr-FR"},{"@type":"Person","@id":"","url":"https:\/\/guiascastillalamancha.com\/fr\/author\/"}]}},"_links":{"self":[{"href":"https:\/\/guiascastillalamancha.com\/fr\/wp-json\/wp\/v2\/posts\/840","targetHints":{"allow":["GET"]}}],"collection":[{"href":"https:\/\/guiascastillalamancha.com\/fr\/wp-json\/wp\/v2\/posts"}],"about":[{"href":"https:\/\/guiascastillalamancha.com\/fr\/wp-json\/wp\/v2\/types\/post"}],"author":[{"embeddable":true,"href":"https:\/\/guiascastillalamancha.com\/fr\/wp-json\/wp\/v2\/users\/1"}],"replies":[{"embeddable":true,"href":"https:\/\/guiascastillalamancha.com\/fr\/wp-json\/wp\/v2\/comments?post=840"}],"version-history":[{"count":0,"href":"https:\/\/guiascastillalamancha.com\/fr\/wp-json\/wp\/v2\/posts\/840\/revisions"}],"wp:featuredmedia":[{"embeddable":true,"href":"https:\/\/guiascastillalamancha.com\/fr\/wp-json\/wp\/v2\/media\/756"}],"wp:attachment":[{"href":"https:\/\/guiascastillalamancha.com\/fr\/wp-json\/wp\/v2\/media?parent=840"}],"wp:term":[{"taxonomy":"category","embeddable":true,"href":"https:\/\/guiascastillalamancha.com\/fr\/wp-json\/wp\/v2\/categories?post=840"},{"taxonomy":"post_tag","embeddable":true,"href":"https:\/\/guiascastillalamancha.com\/fr\/wp-json\/wp\/v2\/tags?post=840"}],"curies":[{"name":"wp","href":"https:\/\/api.w.org\/{rel}","templated":true}]}}