{"id":836,"date":"2017-03-28T12:34:28","date_gmt":"2017-03-28T12:34:28","guid":{"rendered":"http:\/\/guiasdetoledo.es\/?p=836\/"},"modified":"2017-03-28T12:34:28","modified_gmt":"2017-03-28T12:34:28","slug":"archeologie-de-albacete","status":"publish","type":"post","link":"https:\/\/guiascastillalamancha.com\/fr\/archeologie-de-albacete\/","title":{"rendered":"ARCH\u00c9OLOGIE DE ALBACETE"},"content":{"rendered":"<p>Il est recommand\u00e9 au voyageur qui d\u00e9sire conna\u00eetre le patrimoine arch\u00e9ologique de la province de visiter quelques-uns de ses gisements embl\u00e9matiques. A environ 10 km de la ville se trouve le village de l\u2019Age de Bronze, connu comme Le Acequi\u00f3n, enti\u00e8rement entour\u00e9 par deux murailles circulaires. A Lezuza on trouve la zone arch\u00e9ologique de Cerro del Castillo qui contient les vestiges de la ville ib\u00e9rique de Libisosa et la colonie romaine Libisosana Foroagustana. Les fouilles ont mis \u00e0 jour diverses constrctions et \u00e9difices publiques, entre autres le forum romain. La ville \u00e9tait entour\u00e9e d\u2019une muraille aux tours quadrangulaires.<br \/>\nA San Pedro il est possible de visiter le village ib\u00e9rique de La Qu\u00e9jola, et \u00e0 Hell\u00edn, \u00e0 environ 8 km en direction de Murcie, surgit l\u2019imposant rocher si\u00e8ge de El Tolmo De Minateda, un des cinq Parc Arch\u00e9ologiques de Castille-la Manche, dont les vestiges t\u00e9moignent de son existence depuis l\u2019Age de Bronze jusqu\u2019au pal\u00e9o-andalou. De nombreuses n\u00e9cropoles d\u2019incin\u00e9ration, tant dans le parc m\u00eame que dans les environs, t\u00e9moignent de l\u2019\u00e9poque ib\u00e9rique. \u00c0 l\u2019arriv\u00e9e des Romains, la ville se pare de magnifiques \u00e9difices dont il reste de nombreux vestiges architectoniques et sculpturaux. Egalement t\u00e9moin de l\u2019\u00e9poque wisigothique, une grande basilique avec son abside et ses trois nefs.<\/p>\n<p>Luc\u00eda Soria Combadiera. UCLM.<\/p>\n","protected":false},"excerpt":{"rendered":"<p>Il est recommand\u00e9 au voyageur qui d\u00e9sire conna\u00eetre le patrimoine arch\u00e9ologique de la province de visiter quelques-uns de ses gisements embl\u00e9matiques. A environ 10 km de la ville se trouve le village de l\u2019Age de Bronze, connu comme Le Acequi\u00f3n, enti\u00e8rement entour\u00e9 par deux murailles&#8230;<\/p>\n","protected":false},"author":1,"featured_media":762,"comment_status":"closed","ping_status":"open","sticky":false,"template":"","format":"standard","meta":{"footnotes":""},"categories":[43],"tags":[30,48,34,49],"class_list":["post-836","post","type-post","status-publish","format-standard","has-post-thumbnail","hentry","category-albacete-fr","tag-albacete","tag-archeologie","tag-cerro-del-castillo","tag-village-iberique"],"yoast_head":"<!-- This site is optimized with the Yoast SEO plugin v27.3 - https:\/\/yoast.com\/product\/yoast-seo-wordpress\/ -->\n<title>ARCH\u00c9OLOGIE DE ALBACETE - Gu\u00edas de Castilla la Mancha<\/title>\n<meta name=\"robots\" content=\"index, follow, max-snippet:-1, max-image-preview:large, max-video-preview:-1\" \/>\n<link rel=\"canonical\" href=\"https:\/\/guiascastillalamancha.com\/es\/arqueologia-de-albacete\/\" \/>\n<meta property=\"og:locale\" content=\"fr_FR\" \/>\n<meta property=\"og:type\" content=\"article\" \/>\n<meta property=\"og:title\" content=\"ARCH\u00c9OLOGIE DE ALBACETE - Gu\u00edas de Castilla la Mancha\" \/>\n<meta property=\"og:description\" content=\"Il est recommand\u00e9 au voyageur qui d\u00e9sire conna\u00eetre le patrimoine arch\u00e9ologique de la province de visiter quelques-uns de ses gisements embl\u00e9matiques. A environ 10 km de la ville se trouve le village de l\u2019Age de Bronze, connu comme Le Acequi\u00f3n, enti\u00e8rement entour\u00e9 par deux murailles...\" \/>\n<meta property=\"og:url\" content=\"https:\/\/guiascastillalamancha.com\/es\/arqueologia-de-albacete\/\" \/>\n<meta property=\"og:site_name\" content=\"Gu\u00edas de Castilla la Mancha\" \/>\n<meta property=\"article:published_time\" content=\"2017-03-28T12:34:28+00:00\" \/>\n<meta property=\"og:image\" content=\"https:\/\/guiascastillalamancha.com\/wp-content\/uploads\/2016\/11\/albacete-arqueologia-entrada-1.jpg\" \/>\n\t<meta property=\"og:image:width\" content=\"900\" \/>\n\t<meta property=\"og:image:height\" content=\"673\" \/>\n\t<meta property=\"og:image:type\" content=\"image\/jpeg\" \/>\n<meta name=\"twitter:card\" content=\"summary_large_image\" \/>\n<meta name=\"twitter:label1\" content=\"\u00c9crit par\" \/>\n\t<meta name=\"twitter:data1\" content=\"\" \/>\n\t<meta name=\"twitter:label2\" content=\"Dur\u00e9e de lecture estim\u00e9e\" \/>\n\t<meta name=\"twitter:data2\" content=\"1 minute\" \/>\n<script type=\"application\/ld+json\" class=\"yoast-schema-graph\">{\"@context\":\"https:\\\/\\\/schema.org\",\"@graph\":[{\"@type\":\"Article\",\"@id\":\"https:\\\/\\\/guiascastillalamancha.com\\\/es\\\/arqueologia-de-albacete\\\/#article\",\"isPartOf\":{\"@id\":\"https:\\\/\\\/guiascastillalamancha.com\\\/es\\\/arqueologia-de-albacete\\\/\"},\"author\":{\"name\":\"\",\"@id\":\"\"},\"headline\":\"ARCH\u00c9OLOGIE DE ALBACETE\",\"datePublished\":\"2017-03-28T12:34:28+00:00\",\"mainEntityOfPage\":{\"@id\":\"https:\\\/\\\/guiascastillalamancha.com\\\/es\\\/arqueologia-de-albacete\\\/\"},\"wordCount\":240,\"image\":{\"@id\":\"https:\\\/\\\/guiascastillalamancha.com\\\/es\\\/arqueologia-de-albacete\\\/#primaryimage\"},\"thumbnailUrl\":\"https:\\\/\\\/guiascastillalamancha.com\\\/wp-content\\\/uploads\\\/2016\\\/11\\\/albacete-arqueologia-entrada-1.jpg\",\"keywords\":[\"albacete\",\"arch\u00e9ologie\",\"Cerro del Castillo\",\"village ib\u00e9rique\"],\"articleSection\":[\"Albacete\"],\"inLanguage\":\"fr-FR\"},{\"@type\":\"WebPage\",\"@id\":\"https:\\\/\\\/guiascastillalamancha.com\\\/es\\\/arqueologia-de-albacete\\\/\",\"url\":\"https:\\\/\\\/guiascastillalamancha.com\\\/es\\\/arqueologia-de-albacete\\\/\",\"name\":\"ARCH\u00c9OLOGIE DE ALBACETE - Gu\u00edas de Castilla la Mancha\",\"isPartOf\":{\"@id\":\"https:\\\/\\\/guiascastillalamancha.com\\\/es\\\/#website\"},\"primaryImageOfPage\":{\"@id\":\"https:\\\/\\\/guiascastillalamancha.com\\\/es\\\/arqueologia-de-albacete\\\/#primaryimage\"},\"image\":{\"@id\":\"https:\\\/\\\/guiascastillalamancha.com\\\/es\\\/arqueologia-de-albacete\\\/#primaryimage\"},\"thumbnailUrl\":\"https:\\\/\\\/guiascastillalamancha.com\\\/wp-content\\\/uploads\\\/2016\\\/11\\\/albacete-arqueologia-entrada-1.jpg\",\"datePublished\":\"2017-03-28T12:34:28+00:00\",\"author\":{\"@id\":\"\"},\"breadcrumb\":{\"@id\":\"https:\\\/\\\/guiascastillalamancha.com\\\/es\\\/arqueologia-de-albacete\\\/#breadcrumb\"},\"inLanguage\":\"fr-FR\",\"potentialAction\":[{\"@type\":\"ReadAction\",\"target\":[\"https:\\\/\\\/guiascastillalamancha.com\\\/es\\\/arqueologia-de-albacete\\\/\"]}]},{\"@type\":\"ImageObject\",\"inLanguage\":\"fr-FR\",\"@id\":\"https:\\\/\\\/guiascastillalamancha.com\\\/es\\\/arqueologia-de-albacete\\\/#primaryimage\",\"url\":\"https:\\\/\\\/guiascastillalamancha.com\\\/wp-content\\\/uploads\\\/2016\\\/11\\\/albacete-arqueologia-entrada-1.jpg\",\"contentUrl\":\"https:\\\/\\\/guiascastillalamancha.com\\\/wp-content\\\/uploads\\\/2016\\\/11\\\/albacete-arqueologia-entrada-1.jpg\",\"width\":900,\"height\":673},{\"@type\":\"BreadcrumbList\",\"@id\":\"https:\\\/\\\/guiascastillalamancha.com\\\/es\\\/arqueologia-de-albacete\\\/#breadcrumb\",\"itemListElement\":[{\"@type\":\"ListItem\",\"position\":1,\"name\":\"Portada\",\"item\":\"https:\\\/\\\/guiascastillalamancha.com\\\/fr\\\/\"},{\"@type\":\"ListItem\",\"position\":2,\"name\":\"ARCH\u00c9OLOGIE DE ALBACETE\"}]},{\"@type\":\"WebSite\",\"@id\":\"https:\\\/\\\/guiascastillalamancha.com\\\/es\\\/#website\",\"url\":\"https:\\\/\\\/guiascastillalamancha.com\\\/es\\\/\",\"name\":\"Gu\u00edas de Castilla la Mancha\",\"description\":\"Gu\u00edas Tur\u00edsticos para Toledo, Albacete, Ciudad Real, Cuenca y Guadalajara\",\"potentialAction\":[{\"@type\":\"SearchAction\",\"target\":{\"@type\":\"EntryPoint\",\"urlTemplate\":\"https:\\\/\\\/guiascastillalamancha.com\\\/es\\\/?s={search_term_string}\"},\"query-input\":{\"@type\":\"PropertyValueSpecification\",\"valueRequired\":true,\"valueName\":\"search_term_string\"}}],\"inLanguage\":\"fr-FR\"},{\"@type\":\"Person\",\"@id\":\"\",\"url\":\"https:\\\/\\\/guiascastillalamancha.com\\\/fr\\\/author\\\/\"}]}<\/script>\n<!-- \/ Yoast SEO plugin. -->","yoast_head_json":{"title":"ARCH\u00c9OLOGIE DE ALBACETE - Gu\u00edas de Castilla la Mancha","robots":{"index":"index","follow":"follow","max-snippet":"max-snippet:-1","max-image-preview":"max-image-preview:large","max-video-preview":"max-video-preview:-1"},"canonical":"https:\/\/guiascastillalamancha.com\/es\/arqueologia-de-albacete\/","og_locale":"fr_FR","og_type":"article","og_title":"ARCH\u00c9OLOGIE DE ALBACETE - Gu\u00edas de Castilla la Mancha","og_description":"Il est recommand\u00e9 au voyageur qui d\u00e9sire conna\u00eetre le patrimoine arch\u00e9ologique de la province de visiter quelques-uns de ses gisements embl\u00e9matiques. A environ 10 km de la ville se trouve le village de l\u2019Age de Bronze, connu comme Le Acequi\u00f3n, enti\u00e8rement entour\u00e9 par deux murailles...","og_url":"https:\/\/guiascastillalamancha.com\/es\/arqueologia-de-albacete\/","og_site_name":"Gu\u00edas de Castilla la Mancha","article_published_time":"2017-03-28T12:34:28+00:00","og_image":[{"width":900,"height":673,"url":"https:\/\/guiascastillalamancha.com\/wp-content\/uploads\/2016\/11\/albacete-arqueologia-entrada-1.jpg","type":"image\/jpeg"}],"twitter_card":"summary_large_image","twitter_misc":{"\u00c9crit par":"","Dur\u00e9e de lecture estim\u00e9e":"1 minute"},"schema":{"@context":"https:\/\/schema.org","@graph":[{"@type":"Article","@id":"https:\/\/guiascastillalamancha.com\/es\/arqueologia-de-albacete\/#article","isPartOf":{"@id":"https:\/\/guiascastillalamancha.com\/es\/arqueologia-de-albacete\/"},"author":{"name":"","@id":""},"headline":"ARCH\u00c9OLOGIE DE ALBACETE","datePublished":"2017-03-28T12:34:28+00:00","mainEntityOfPage":{"@id":"https:\/\/guiascastillalamancha.com\/es\/arqueologia-de-albacete\/"},"wordCount":240,"image":{"@id":"https:\/\/guiascastillalamancha.com\/es\/arqueologia-de-albacete\/#primaryimage"},"thumbnailUrl":"https:\/\/guiascastillalamancha.com\/wp-content\/uploads\/2016\/11\/albacete-arqueologia-entrada-1.jpg","keywords":["albacete","arch\u00e9ologie","Cerro del Castillo","village ib\u00e9rique"],"articleSection":["Albacete"],"inLanguage":"fr-FR"},{"@type":"WebPage","@id":"https:\/\/guiascastillalamancha.com\/es\/arqueologia-de-albacete\/","url":"https:\/\/guiascastillalamancha.com\/es\/arqueologia-de-albacete\/","name":"ARCH\u00c9OLOGIE DE ALBACETE - Gu\u00edas de Castilla la Mancha","isPartOf":{"@id":"https:\/\/guiascastillalamancha.com\/es\/#website"},"primaryImageOfPage":{"@id":"https:\/\/guiascastillalamancha.com\/es\/arqueologia-de-albacete\/#primaryimage"},"image":{"@id":"https:\/\/guiascastillalamancha.com\/es\/arqueologia-de-albacete\/#primaryimage"},"thumbnailUrl":"https:\/\/guiascastillalamancha.com\/wp-content\/uploads\/2016\/11\/albacete-arqueologia-entrada-1.jpg","datePublished":"2017-03-28T12:34:28+00:00","author":{"@id":""},"breadcrumb":{"@id":"https:\/\/guiascastillalamancha.com\/es\/arqueologia-de-albacete\/#breadcrumb"},"inLanguage":"fr-FR","potentialAction":[{"@type":"ReadAction","target":["https:\/\/guiascastillalamancha.com\/es\/arqueologia-de-albacete\/"]}]},{"@type":"ImageObject","inLanguage":"fr-FR","@id":"https:\/\/guiascastillalamancha.com\/es\/arqueologia-de-albacete\/#primaryimage","url":"https:\/\/guiascastillalamancha.com\/wp-content\/uploads\/2016\/11\/albacete-arqueologia-entrada-1.jpg","contentUrl":"https:\/\/guiascastillalamancha.com\/wp-content\/uploads\/2016\/11\/albacete-arqueologia-entrada-1.jpg","width":900,"height":673},{"@type":"BreadcrumbList","@id":"https:\/\/guiascastillalamancha.com\/es\/arqueologia-de-albacete\/#breadcrumb","itemListElement":[{"@type":"ListItem","position":1,"name":"Portada","item":"https:\/\/guiascastillalamancha.com\/fr\/"},{"@type":"ListItem","position":2,"name":"ARCH\u00c9OLOGIE DE ALBACETE"}]},{"@type":"WebSite","@id":"https:\/\/guiascastillalamancha.com\/es\/#website","url":"https:\/\/guiascastillalamancha.com\/es\/","name":"Gu\u00edas de Castilla la Mancha","description":"Gu\u00edas Tur\u00edsticos para Toledo, Albacete, Ciudad Real, Cuenca y Guadalajara","potentialAction":[{"@type":"SearchAction","target":{"@type":"EntryPoint","urlTemplate":"https:\/\/guiascastillalamancha.com\/es\/?s={search_term_string}"},"query-input":{"@type":"PropertyValueSpecification","valueRequired":true,"valueName":"search_term_string"}}],"inLanguage":"fr-FR"},{"@type":"Person","@id":"","url":"https:\/\/guiascastillalamancha.com\/fr\/author\/"}]}},"_links":{"self":[{"href":"https:\/\/guiascastillalamancha.com\/fr\/wp-json\/wp\/v2\/posts\/836","targetHints":{"allow":["GET"]}}],"collection":[{"href":"https:\/\/guiascastillalamancha.com\/fr\/wp-json\/wp\/v2\/posts"}],"about":[{"href":"https:\/\/guiascastillalamancha.com\/fr\/wp-json\/wp\/v2\/types\/post"}],"author":[{"embeddable":true,"href":"https:\/\/guiascastillalamancha.com\/fr\/wp-json\/wp\/v2\/users\/1"}],"replies":[{"embeddable":true,"href":"https:\/\/guiascastillalamancha.com\/fr\/wp-json\/wp\/v2\/comments?post=836"}],"version-history":[{"count":0,"href":"https:\/\/guiascastillalamancha.com\/fr\/wp-json\/wp\/v2\/posts\/836\/revisions"}],"wp:featuredmedia":[{"embeddable":true,"href":"https:\/\/guiascastillalamancha.com\/fr\/wp-json\/wp\/v2\/media\/762"}],"wp:attachment":[{"href":"https:\/\/guiascastillalamancha.com\/fr\/wp-json\/wp\/v2\/media?parent=836"}],"wp:term":[{"taxonomy":"category","embeddable":true,"href":"https:\/\/guiascastillalamancha.com\/fr\/wp-json\/wp\/v2\/categories?post=836"},{"taxonomy":"post_tag","embeddable":true,"href":"https:\/\/guiascastillalamancha.com\/fr\/wp-json\/wp\/v2\/tags?post=836"}],"curies":[{"name":"wp","href":"https:\/\/api.w.org\/{rel}","templated":true}]}}